{"translation-revision-date":"2020-04-29 14:54:47+0000","generator":"GlotPress\/4.0.0-beta.2","domain":"messages","locale_data":{"messages":{"":{"domain":"messages","plural-forms":"nplurals=2; plural=n != 1;","lang":"es_PR"},"Table":["Tabla"],"Version":["Versi\u00f3n"],"Name:":["Nombre:"],"Insert Media":["Insertar medios"],"Taxonomy":["Taxonom\u00eda"],"Replace image":["Reemplazar la imagen"],"Block has been deleted or is unavailable.":["El bloque se ha borrado o no est\u00e1 disponible."],"Reusable Block":["Bloque reutilizable"],"button to expand options\u0004More":["M\u00e1s"],"Classic":["Cl\u00e1sico"],"block title\u0004Classic":["Cl\u00e1sico"],"Use the classic WordPress editor.":["Utiliza el editor cl\u00e1sico de WordPress."],"Pullquote":["P\u00e1rrafo de cita"],"Give special visual emphasis to a quote from your text.":["Da un \u00e9nfasis visual especial a una cita de tu texto."],"Solid color":["Color s\u00f3lido"],"Separator":["Separador"],"Create a break between ideas or sections with a horizontal separator.":["Crea una ruptura entre ideas o secciones con un separador horizontal."],"horizontal-line":["l\u00ednea horizontal"],"divider":["separador"],"Wide Line":["L\u00ednea ancha"],"Dots":["Puntos"],"Shortcode":["Shortcode"],"Insert additional custom elements with a WordPress shortcode.":["Inserta elementos personalizados adicionales con un shortcode de WordPress."],"Write shortcode here\u2026":["Escribe aqu\u00ed el shortcode\u2026"],"Spacer":["Espaciador"],"Add white space between blocks and customize its height.":["A\u00f1ade un espacio en blanco entre bloques y personaliza su altura."],"Spacer settings":["Ajustes del espaciador"],"Height in pixels":["Altura en p\u00edxeles"],"Subheading (deprecated)":["Subt\u00edtulo (obsoleto)"],"This block is deprecated. Please use the Paragraph block instead.":["Este bloque est\u00e1 obsoleto. Por favor, utiliza el bloque de p\u00e1rrafo en su lugar."],"Write subheading\u2026":["Escribe el subt\u00edtulo\u2026"],"Add Row Before":["A\u00f1adir una fila antes"],"Add Row After":["A\u00f1adir una fila despu\u00e9s"],"Delete Row":["Borrar la fila"],"Add Column Before":["A\u00f1adir una columna antes"],"Add Column After":["A\u00f1adir una columna despu\u00e9s"],"Delete Column":["Borrar la columna"],"Column Count":["Recuento de columnas"],"Row Count":["Recuento de filas"],"Edit table":["Editar la tabla"],"Table settings":["Ajustes de la tabla"],"Fixed width table cells":["Celdas de tabla de ancho fijo"],"Insert a table \u2014 perfect for sharing charts and data.":["Inserta una tabla -- perfecto para compartir gr\u00e1ficos y datos."],"Stripes":["Franjas"],"Text Columns (deprecated)":["Columnas de texto (obsoletas)"],"This block is deprecated. Please use the Columns block instead.":["Este bloque est\u00e1 obsoleto. Por favor, utiliza el bloque de columnas en su lugar."],"New Column":["Nueva columna"],"Verse":["Verso"],"Insert poetry. Use special spacing formats. Or quote song lyrics.":["Inserta poes\u00eda. Utiliza formatos de espaciado especiales. O cita letras de canciones."],"poetry":["poes\u00eda"],"Write\u2026":["Escribe\u2026"],"Video settings":["Ajustes de video"],"Muted":["Silenciado"],"Playback controls":["Controles de reproducci\u00f3n"],"Remove Poster Image":["Eliminar la imagen del p\u00f3ster"],"Embed a video from your media library or upload a new one.":["Incrusta un video desde tu biblioteca de medios o sube uno nuevo."],"movie":["pel\u00edcula"],"Create content, and save it for you and other contributors to reuse across your site. Update the block, and the changes apply everywhere it\u2019s used.":["Crea contenido y gu\u00e1rdalo para ti y otros colaboradores para reutilizarlo en tu sitio. Actualiza el bloque y los cambios se aplicar\u00e1n en todas las partes donde est\u00e9 en uso."],"Label text":["Texto de la etiqueta"],"Add label\u2026":["A\u00f1adir una etiqueta\u2026"],"Optional placeholder text":["Texto opcional para el marcador de posici\u00f3n"],"Optional placeholder\u2026":["Marcador de posici\u00f3n opcional\u2026"],"Button text":["Texto del bot\u00f3n"],"Add button text\u2026":["A\u00f1ade el texto del bot\u00f3n\u2026"],"Help visitors find your content.":["Ayuda a los visitantes a descubrir tu contenido."],"find":["encontrar"],"Enter URL here\u2026":["Introduce aqu\u00ed la URL\u2026"],"Use URL":["Usar la URL"],"Edit RSS URL":["Editar la URL del RSS"],"RSS settings":["Ajustes RSS"],"Display author":["Mostrar el autor"],"Display entries from any RSS or Atom feed.":["Muestra entradas de cualquier feed RSS o Atom."],"atom":["atom"],"feed":["feed"],"- Select -":["- Seleccionar -"],"Tag Cloud settings":["Ajustes de la nube de etiquetas"],"Group":["Grupo"],"A block that groups other blocks.":["Un bloque que agrupa otros bloques."],"container":["contenedor"],"wrapper":["envoltura"],"row":["fila"],"section":["secci\u00f3n"],"One.":["Uno."],"Two.":["Dos."],"Three.":["Tres."],"Four.":["Cuatro."],"Five.":["Cinco."],"Six.":["Seis."],"Align Column Left":["Alinear la columna a la izquierda"],"Align Column Center":["Alinear la columna al centro"],"Align Column Right":["Alinear la columna a la derecha"],"Insert a table for sharing data.":["Insertar una tabla para compartir datos."],"Create Table":["Crear una tabla"],"Change column alignment":["Cambiar la alineaci\u00f3n de la columna"],"Header section":["Secci\u00f3n de la cabecera"],"Footer section":["Secci\u00f3n del pie de p\u00e1gina"],"Jazz Musician":["M\u00fasico de jazz"],"Release Date":["Fecha de lanzamiento"],"May 7, 2019":["7 de mayo de 2019"],"February 21, 2019":["21 de febrero de 2019"],"December 6, 2018":["6 de diciembre de 2018"],"One of the hardest things to do in technology is disrupt yourself.":["Una de las cosas m\u00e1s dif\u00edciles de hacer en tecnolog\u00eda es interrumpirte a ti mismo."],"Note: Autoplaying videos may cause usability issues for some visitors.":["Aviso: la reproducci\u00f3n autom\u00e1tica de videos puede provocar problemas de uso para algunos visitantes."],"Play inline":["Reproducci\u00f3n integrada"],"The current poster image url is %s":["La URL de la imagen actual de p\u00f3ster es %s"],"There is no poster image currently selected":["No hay ninguna imagen de p\u00f3ster seleccionada en este momento"],"Logos Only":["Solo logotipos"],"Pill Shape":["Forma de pastilla"],"Enter address":["Introducir la direcci\u00f3n"],"Matt Mullenweg":["Matt Mullenweg"],"Header label":["Etiqueta de la cabecera"],"Footer label":["Etiqueta del pie de p\u00e1gina"],"WHAT was he doing, the great god Pan,\n\tDown in the reeds by the river?\nSpreading ruin and scattering ban,\nSplashing and paddling with hoofs of a goat,\nAnd breaking the golden lilies afloat\n    With the dragon-fly on the river.":["Por la encendida calle antillana\nVa Tembandumba de la Quimbamba\nRumba, macumba, candombe, b\u00e1mbula\nEntre dos filas de negras caras.\nAnte ella un congo--gongo y maraca\nritma una conga bomba que bamba."],"poem":["poema"],"Poster image":["Imagen del p\u00f3ster"],"Select poster image":["Seleccionar la imagen del p\u00f3ster"],"Social Icons":["\u00cdconos sociales"],"Display icons linking to your social media profiles or websites.":["Muestra iconos enlazando con tus perfiles de medios sociales o webs."],"block keywords\u0004links":["enlaces"],"Social Icon":["\u00cdcono social"],"%s label":["Etiqueta de %s"],"Link label":["Etiqueta del enlace"],"Briefly describe the link to help screen reader users.":["Describe brevemente el enlace para ayudar a los usuarios de lectores de pantalla."],"Display an icon linking to a social media profile or website.":["Muestra un icono que enlaza a un perfil de medios sociales o una web."],"HTML":["HTML"],"Column":["Columna"],"Preformatted":["Preformateado"],"ordered list":["lista ordenada"],"List":["Lista"],"sound":["sonido"],"Quote":["Cita"],"Empty":["Vac\u00edo"],"bullet list":["lista con vi\u00f1etas"],"File":["Archivo"],"Auto":["Autom\u00e1tico"],"Embed a WordPress post.":["Incrusta una entrada de WordPress."],"Copied!":["\u00a1Copiado!"],"Link settings":["Ajustes de enlaces"],"Archives settings":["Ajustes de archivos"],"Display a monthly archive of your posts.":["Muestra un archivo por meses de tus entradas."],"Audio settings":["Ajustes de audio"],"Write caption\u2026":["Escribe la leyenda\u2026"],"Embed a simple audio player.":["Incrusta un sencillo reproductor de audio."],"Add text\u2026":["A\u00f1ade texto\u2026"],"Color settings":["Ajustes de color"],"Button":["Bot\u00f3n"],"block style\u0004Rounded":["Redondeado"],"Outline":["Contorno"],"Categories settings":["Ajustes de categor\u00edas"],"Display a list of all categories.":["Muestra una lista de todas las categor\u00edas."],"Write code\u2026":["Escribe c\u00f3digo\u2026"],"Display code snippets that respect your spacing and tabs.":["Muestra fragmentos de c\u00f3digo que respetan tus espacios y tabuladores."],"A single column within a columns block.":["Una columna simple dentro de un bloque de columnas."],"Add a block that displays content in multiple columns, then add whatever content blocks you\u2019d like.":["A\u00f1ade un bloque que muestra contenido en varias columnas, luego a\u00f1ade cualquier bloque de contenido que quieras."],"Cover":["Fondo"],"Add an image or video with a text overlay \u2014 great for headers.":["A\u00f1ade una imagen o video con un texto superpuesto \u2014 genial para cabeceras."],"Border settings":["Ajustes del borde"],"Fixed background":["Fondo fijo"],"Overlay":["Superposici\u00f3n"],"Background opacity":["Opacidad del fondo"],"Write title\u2026":["Escribe el t\u00edtulo\u2026"],"Embed a tweet.":["Incrusta un tuit."],"music":["m\u00fasica"],"video":["video"],"Embed a YouTube video.":["Incrusta un video de YouTube."],"Embed a Facebook post.":["Incrusta una publicaci\u00f3n de Facebook."],"image":["imagen"],"Embed an Instagram post.":["Incrusta una publicaci\u00f3n de Instagram."],"post":["entrada"],"blog":["blog"],"audio":["audio"],"Embed SoundCloud content.":["Incrusta contenido de SoundCloud."],"Embed Spotify content.":["Incrusta contenido de Spotify."],"Embed Flickr content.":["Incrusta contenido de Flickr."],"Embed a Vimeo video.":["Incrusta un video de Vimeo."],"Embed an Animoto video.":["Incrusta un video de Animoto."],"Embed Cloudup content.":["Incrusta contenido de Cloudup."],"Embed CollegeHumor content.":["Incrusta contenido de CollegeHumor."],"Embed a Dailymotion video.":["Incrusta un video de Dailymotion."],"Embed Hulu content.":["Incrusta contenido de Hulu."],"Embed Imgur content.":["Incrusta contenido de Imgur."],"Embed Issuu content.":["Incrusta contenido de Issuu."],"Embed Kickstarter content.":["Incrusta contenido de Kickstarter."],"Embed Meetup.com content.":["Incrusta contenido de Meetup.com."],"Embed Mixcloud content.":["Incrusta contenido de Mixcloud."],"Embed Polldaddy content.":["Incrusta contenido de Polldaddy."],"Embed a Reddit thread.":["Incrusta un debate de Reddit."],"Embed ReverbNation content.":["Incrusta contenido de ReverbNation."],"Embed Screencast content.":["Incrusta contenido de Screencast."],"Embed Scribd content.":["Incrusta contenido de Scribd."],"Embed Slideshare content.":["Incrusta contenido de Slideshare."],"Embed SmugMug content.":["Incrusta contenido de SmugMug."],"Embed Speaker Deck content.":["Incrusta contenido de Speaker Deck."],"Embed a TED video.":["Incrusta un video de TED."],"Embed a Tumblr post.":["Incrusta una publicaci\u00f3n de Tumblr."],"Embed a VideoPress video.":["Incrusta un video de VideoPress."],"Embed a WordPress.tv video.":["Incrusta un video de WordPress.tv."],"This embed will preserve its aspect ratio when the browser is resized.":["Este incrustado mantendr\u00e1 su relaci\u00f3n de aspecto cuando el navegador cambie de tama\u00f1o."],"This embed may not preserve its aspect ratio when the browser is resized.":["Este incrustado podr\u00eda no mantener su relaci\u00f3n de aspecto cuando el navegador cambie de tama\u00f1o."],"Edit URL":["Editar la URL"],"Media settings":["Ajustes de medios"],"Resize for smaller devices":["Cambia el tama\u00f1o para dispositivos m\u00e1s peque\u00f1os."],"Embedding\u2026":["Incrustando\u2026"],"%s URL":["URL de %s"],"Enter URL to embed here\u2026":["Introduce aqu\u00ed la URL a incrustar\u2026"],"button label\u0004Embed":["Incrustar"],"Embedded content from %s":["Contenido incrustado desde %s"],"block title\u0004Embed":["Incrustado"],"Embed videos, images, tweets, audio, and other content from external sources.":["Incrusta videos, im\u00e1genes, tuits, audios y otros contenidos desde fuentes externas."],"Add a block that displays content pulled from other sites, like Twitter, Instagram or YouTube.":["A\u00f1ade un bloque que muestra contenido extra\u00eddo de otros sitios, como Twitter, Instagram o YouTube."],"Write file name\u2026":["Escribe el nombre del archivo\u2026"],"Copy URL":["Copiar la URL"],"Add a link to a downloadable file.":["A\u00f1ade un enlace a un archivo descargable."],"document":["documento"],"pdf":["PDF"],"button label\u0004Download":["Descarga"],"Text link settings":["Ajustes del texto del enlace"],"Download button settings":["Ajustes del bot\u00f3n de descarga"],"Show download button":["Mostrar el bot\u00f3n de descarga"],"Thumbnails are cropped to align.":["Las miniaturas se recortan alineadas."],"Thumbnails are not cropped.":["Las miniaturas no se recortan."],"Drag images, upload new ones or select files from your library.":["Arrastra im\u00e1genes, sube nuevas o selecciona archivos desde tu biblioteca."],"Crop images":["Recortar las im\u00e1genes"],"Display multiple images in a rich gallery.":["Muestra m\u00faltiples im\u00e1genes en una galer\u00eda enriquecida."],"images":["im\u00e1genes"],"photos":["fotos"],"Heading settings":["Ajustes del encabezado"],"Level":["Nivel"],"Write heading\u2026":["Escribe el encabezado\u2026"],"Heading %d":["Encabezado %d"],"Heading":["Encabezado"],"Introduce new sections and organize content to help visitors (and search engines) understand the structure of your content.":["Introduce nuevas secciones y organiza el contenido para ayudar a los visitantes (y a los motores de b\u00fasqueda) a comprender la estructura de tu contenido."],"title":["t\u00edtulo"],"subtitle":["subt\u00edtulo"],"Add custom HTML code and preview it as you edit.":["A\u00f1ade c\u00f3digo personalizado HTML y previsual\u00edzalo mientras lo editas."],"embed":["incrustar"],"Write HTML\u2026":["Escribe HTML..."],"Edit image":["Editar la imagen"],"Image settings":["Ajustes de imagen"],"Alt text (alternative text)":["Texto alt (texto alternativo)"],"Insert an image to make a visual statement.":["Inserta una imagen para hacer una declaraci\u00f3n visual"],"photo":["foto"],"Latest comments settings":["Ajustes de los \u00faltimos comentarios"],"Display avatar":["Mostrar el avatar"],"Number of comments":["N\u00famero de comentarios"],"Latest Comments":["\u00daltimos comentarios"],"Display a list of your most recent comments.":["Muestra una lista de tus comentarios m\u00e1s recientes."],"recent comments":["comentarios recientes"],"Display post date":["Mostrar la fecha de la entrada"],"Latest Posts":["\u00daltimas entradas"],"Display a list of your most recent posts.":["Muestra una lista de tus entradas m\u00e1s recientes."],"recent posts":["entradas recientes"],"Create a bulleted or numbered list.":["Crea una lista de vi\u00f1etas o numerada."],"numbered list":["lista numerada"],"Convert to unordered list":["Convertir a lista desordenada"],"Convert to ordered list":["Convertir a lista ordenada"],"Outdent list item":["Reducir sangr\u00eda al elemento de la lista"],"Indent list item":["A\u00f1adir sangr\u00eda al elemento de la lista"],"Write list\u2026":["Escribe una lista\u2026"],"Show media on left":["Mostrar los medios a la izquierda"],"Show media on right":["Mostrar los medios a la derecha"],"Media & Text settings":["Ajustes de medios y texto"],"Media & Text":["Medios y texto"],"Set media and words side-by-side for a richer layout.":["Coloca las palabras y los medios uno al lado del otro para tener un dise\u00f1o m\u00e1s rico."],"Media area":["\u00c1rea de medios"],"Your site doesn\u2019t include support for the \"%s\" block. You can leave this block intact, convert its content to a Custom HTML block, or remove it entirely.":["Tu sitio no incluye compatibilidad con el bloque \u00ab%s\u00bb. Puedes dejar intacto este bloque, convertir su contenido a un bloque de HTML personalizado o quitarlo del todo."],"Keep as HTML":["Mantener como HTML"],"Your site doesn\u2019t include support for the \"%s\" block. You can leave this block intact or remove it entirely.":["Tu sitio no incluye compatibilidad con el bloque \u00ab%s\u00bb. Puedes dejar intacto este bloque o quitarlo del todo."],"Your site doesn\u2019t include support for this block.":["Tu sitio no incluye compatibilidad con este bloque."],"block name\u0004More":["M\u00e1s"],"Separate your content into a multi-page experience.":["Separa tu contenido en una experiencia multi-p\u00e1gina."],"next page":["p\u00e1gina siguiente"],"pagination":["paginaci\u00f3n"],"Showing large initial letter.":["Mostrando la letra inicial grande."],"Toggle to show a large initial letter.":["Alternar para mostrar una letra inicial grande."],"Text settings":["Ajustes del texto"],"Drop cap":["Capitalizar"],"Start with the building block of all narrative.":["Empieza con el bloque que cimienta toda la narrativa."],"text":["texto"],"Add text that respects your spacing and tabs, and also allows styling.":["A\u00f1ade texto que respete tus espacios y tabulados y que tambi\u00e9n permita estilos."],"Write preformatted text\u2026":["Escribe texto preformateado\u2026"],"Write quote\u2026":["Escribe la cita\u2026"],"Write citation\u2026":["Escribe la referencia\u2026"],"Main color":["Color principal"],"Give quoted text visual emphasis. \"In quoting others, we cite ourselves.\" \u2014 Julio Cort\u00e1zar":["Da un \u00e9nfasis visual al texto citado. \u00abAl citar a otros, nos citamos a nosotros mismos\u00bb \u2014 Julio Cort\u00e1zar"],"blockquote":["cita"],"block style\u0004Large":["Grande"],"Stack on mobile":["Apilar en m\u00f3vil"],"Page Break":["Salto de p\u00e1gina"],"Start writing or type \/ to choose a block":["Empieza a escribir o escribe \u00ab \/ \u00bb para elegir un bloque"],"Paragraph block":["Bloque de p\u00e1rrafo"],"Empty block; start writing or type forward slash to choose a block":["Bloque vac\u00edo; empieza a escribir o escribe una barra ( \/ ) para elegir un bloque"],"This image has an empty alt attribute; its file name is %s":["La imagen tiene un atributo ALT vac\u00edo; su nombre de archivo es %s"],"This image has an empty alt attribute":["La imagen tiene un atributo ALT vac\u00edo"],"Embed Crowdsignal (formerly Polldaddy) content.":["Incrustar contenido de Crowdsignal (anteriormente Polldaddy)."],"button label\u0004Try again":["Probar de nuevo"],"button label\u0004Convert to link":["Convertir a enlace"],"content placeholder\u0004Content\u2026":["Contenido\u2026"],"keyboard key\u0004Backspace":["Retroceso"],"keyboard key\u0004Space":["Espacio"],"block style\u0004Default":["Por defecto"],"ebook":["Libro electr\u00f3nico"],"Embed Amazon Kindle content.":["Incrustar contenido de Amazon Kindle."],"Sorry, this content could not be embedded.":["Lo siento, este contenido no se puede incrustar."],"Embedded content from %s can't be previewed in the editor.":["El contenido incrustado desde %s no se puede previsualizar en el editor."],"image %1$d of %2$d in gallery":["imagen %1$d de %2$d en la biblioteca"],"Focal point picker":["Selector del punto focal"],"Prompt visitors to take action with a button-style link.":["Anima a los visitantes a que realicen alguna acci\u00f3n con un enlace estilo bot\u00f3n."],"link":["enlace"],"posts":["entradas"],"archive":["archivo"],"The excerpt is hidden.":["El extracto est\u00e1 oculto."],"The excerpt is visible.":["El extracto es visible."],"Hide the excerpt on the full content page":["Ocultar el extracto en la p\u00e1gina con el contenido completo."],"Content before this block will be shown in the excerpt on your archives page.":["El contenido anterior a este bloque se mostrar\u00e1 en el extracto de tu p\u00e1gina de archivo."],"Display date":["Mostrar la fecha"],"Display excerpt":["Mostrar el extracto"],"Max number of words in excerpt":["N\u00famero m\u00e1ximo de palabras en el extracto"],"Upload an image file, pick one from your media library, or add one with a URL.":["Sube un archivo de imagen, elige uno de tu biblioteca de medios o a\u00f1ade uno con una URL."],"Paste a link to the content you want to display on your site.":["Pega un enlace al contenido que quieras mostrar en tu sitio."],"https:\/\/wordpress.org\/support\/article\/embeds\/":["https:\/\/ve.wordpress.org\/support\/article\/embeds\/"],"Learn more about embeds":["Aprende m\u00e1s sobre los incrustados"],"In a village of La Mancha, the name of which I have no desire to call to mind, there lived not long since one of those gentlemen that keep a lance in the lance-rack, an old buckler, a lean hack, and a greyhound for coursing.":["En un lugar de la Mancha, de cuyo nombre no quiero acordarme, no ha mucho tiempo que viv\u00eda un hidalgo de los de lanza en astillero, adarga antigua, roc\u00edn flaco y galgo corredor."],"Code is Poetry":["El c\u00f3digo es poes\u00eda"],"Move image backward":["Mover la imagen hacia atr\u00e1s"],"Move image forward":["Mover la imagen hacia delante"],"Write gallery caption\u2026":["Escribe la leyenda de la galer\u00eda..."],"Crop image to fill entire column":["Recortar imagen para rellenar toda la columna"],"Describe the purpose of the image":["Describe el prop\u00f3sito de la imagen"],"Leave empty if the image is purely decorative.":["D\u00e9jalo vac\u00edo si la imagen es puramente decorativa."],"The wren<br>Earns his living<br>Noiselessly.":["El reyezuelo<br>Se gana la vida<br>Sin hacer ruido."],"\u2014 Kobayashi Issa (\u4e00\u8336)":["\u2014 Kobayashi Issa (\u4e00\u8336)"],"Mont Blanc appears\u2014still, snowy, and serene.":["El Mont Blanc aparece\u2014quieto, nevado y sereno."],"Minimum height in pixels":["Altura m\u00ednima en p\u00edxeles"],"Clear Media":["Vaciar los medios"],"Upload an image or video file, or pick one from your media library.":["Sube un archivo de imagen o video o elige uno de tu biblioteca de medios."],"<strong>Snow Patrol<\/strong>":["<strong>Patrulla de la nieve<\/strong>"],"Attachment page":["P\u00e1gina de adjuntos"],"Open in new tab":["Abrir en una nueva pesta\u00f1a"],"Upload a file or pick one from your media library.":["Sube un archivo de medios o elige uno de tu biblioteca de medios."],"Ordered list settings":["Ajustes de listas ordenadas"],"Start value":["Valor inicial"],"Reverse list numbering":["Lista de numeraci\u00f3n inversa"],"cite":["cita"],"In quoting others, we cite ourselves.":["Al citar a otros, nos citamos a nosotros mismos."],"Welcome to the wonderful world of blocks\u2026":["Bienvenido al maravilloso mundo de los bloques\u2026"],"Border radius":["Radio del borde"],"Link rel":["\u00abrel\u00bb del enlace"],"Call to Action":["Llamada a la acci\u00f3n"],"Fill":["Rellenar"],"Two columns; equal split":["Dos columnas; igual separaci\u00f3n"],"Two columns; one-third, two-thirds split":["Dos columnas; separaci\u00f3n de un tercio, dos tercios"],"Two columns; two-thirds, one-third split":["Dos columnas; separaci\u00f3n de dos tercios, un tercio "],"Three columns; equal split":["Tres columnas; igual separaci\u00f3n"],"Three columns; wide center column":["Tres columnas; columna ancha centrada"],"Etiam et egestas lorem. Vivamus sagittis sit amet dolor quis lobortis. Integer sed fermentum arcu, id vulputate lacus. Etiam fermentum sem eu quam hendrerit.":["Ll\u00e9vame al sircoo no puedor por la gloria de mi madre por la gloria de mi madre va ust\u00e9 muy cargadoo diodenoo al ataquerl ll\u00e9vame al sircoo no te digo trigo por no llamarte Rodrigor. "],"Nam risus massa, ullamcorper consectetur eros fermentum, porta aliquet ligula. Sed vel mauris nec enim.":["A peich amatomaa apetecan a wan de la pradera va ust\u00e9 muy cargadoo por la gloria de mi madre est\u00e1 la cosa muy malar condemor."],"Note: Autoplaying audio may cause usability issues for some visitors.":["Aviso: la reproducci\u00f3n autom\u00e1tica de audio puede provocar problemas de uso para algunos visitantes."],"Column settings":["Ajustes de la columna"],"Percentage width":["Porcentaje de anchura"],"Post content settings":["Ajustes del contenido de la entrada"],"Post content":["Contenido de la entrada"],"Post meta settings":["Ajustes meta de la entrada"],"Sorting and filtering":["Ordenaci\u00f3n y filtrado"],"List view":["Vista de lista"],"Grid view":["Vista de cuadr\u00edcula"],"Embed a TikTok video.":["Incrusta un video de TikTok."],"Title attribute":["Atributo del t\u00edtulo"],"Describe the role of this image on the page.":["Describe el papel de esta imagen en la p\u00e1gina."],"(Note: many devices and browsers do not display this text.)":["(Nota: muchos dispositivos y navegadores no muestran este texto.)"],"Change heading level":["Cambiar el nivel del encabezado"],"Level %s. Empty.":["Nivel %s. Vac\u00edo."],"Level %1$s. %2$s":["Nivel %1$s. %2$s"],"ADD MEDIA":["A\u00d1ADIR MEDIOS"],"Gallery settings":["Ajustes de la galer\u00eda"],"Link to":["Enlazar a"],"Images size":["Tama\u00f1os de las im\u00e1genes"],"podcast":["podcast"],"recording":["grabaci\u00f3n"],"Background & Text Color":["Color del fondo y del texto"],"Buttons":["Botones"],"Prompt visitors to take action with a group of button-style links.":["Anima a los visitantes a que realicen alguna acci\u00f3n con un grupo de enlaces estilo bot\u00f3n."],"\/\/ A \"block\" is the abstract term used\n\/\/ to describe units of markup that\n\/\/ when composed together, form the\n\/\/ content or layout of a page.\nregisterBlockType( name, settings );":["\/\/ Un \u00abbloque\u00bb es el t\u00e9rmino abstracto utilizado\n\/\/ para describir las unidades de marcado que\n\/\/ cuando se componen juntos, forman el\n\/\/ contenido o dise\u00f1o de una p\u00e1gina.\nregisterBlockType( nombre, ajustes );"],"Lorem ipsum dolor sit amet, consectetur adipiscing elit. Praesent et eros eu felis.":["Lorem ipsum dolor sit amet, consectetur adipiscing elit. Praesent et eros eu felis."],"Suspendisse commodo neque lacus, a dictum orci interdum et.":["Suspendisse commodo neque lacus, a dictum orci interdum et."],"Media file":["Archivo de medios"],"download":["descargar"],"Show:":["Mostrar:"],"Full post":["Entrada completa"],"Featured image settings":["Ajustes de la imagen destacada"],"Display featured image":["Mostrar la imagen destacada"],"Image alignment":["Alineaci\u00f3n de la imagen"],"Unsupported":["No compatible"],"EXT. XANADU - FAINT DAWN - 1940 (MINIATURE)\nWindow, very small in the distance, illuminated.\nAll around this is an almost totally black screen. Now, as the camera moves slowly towards the window which is almost a postage stamp in the frame, other forms appear;":["EXT. XANAD\u00da - AMANECER - 1940 (MINIATURA)\nVentana, muy peque\u00f1a en la distancia, iluminada.\nAlrededor hay una pantalla casi totalmente negra. Ahora, mientras la c\u00e1mara se mueve lentamente hacia la ventana, que es casi un sello de correos en el marco, aparecen otras formas;"],"Edit":["Editar"],"Paragraph":["P\u00e1rrafo"],"Dimensions":["Dimensiones"],"Link":["Enlace"],"Page break":["Salto de p\u00e1gina"],"Background color":["Color de fondo"],"Text color":["Color del texto"],"editor button\u0004Left to right":["De izquierda a derecha"],"Color":["Color"],"Number of items":["N\u00famero de elementos"],"Excerpt":["Extracto"],"Remove image":["Remover la imagen"],"No posts found.":["No se encontraron entradas."],"Apply":["Aplicar"],"Preview":["Vista previa"],"Attachment Page":["P\u00e1gina de adjuntos"],"Media File":["Archivo de medios"],"Columns":["Columnas"],"Metadata":["Metadatos"],"Autoplay":["Reproducci\u00f3n autom\u00e1tica"],"Select Poster Image":["Elegir la imagen de p\u00f3ster"],"URL":["URL"],"Save":["Guardar"],"Categories":["Categor\u00edas"],"RSS":["RSS"],"Archives":["Archivos"],"Default":["Por defecto"],"Show post counts":["Mostrar el contador de entradas"],"Calendar":["Calendario"],"Show hierarchy":["Mostrar la jerarqu\u00eda"],"Tag Cloud":["Nube de etiquetas"],"Loop":["Repetir"],"Display as dropdown":["Mostrar como desplegable"],"Preload":["Precarga"],"Audio":["Audio"],"Video":["Video"],"A cloud of your most used tags.":["Una nube de tus etiquetas m\u00e1s utilizadas."],"Read more":["Leer m\u00e1s"],"Custom HTML":["HTML personalizado"],"Gallery":["Galer\u00eda"],"A calendar of your site\u2019s posts.":["Un calendario de las entradas de tu sitio."],"None":["Ninguna"],"Search":["Buscar"],"(no title)":["(sin t\u00edtulo)"],"Code":["C\u00f3digo"],"Background":["Fondo"],"Image":["Imagen"],"(Untitled)":["(Sin t\u00edtulo)"]}},"comment":{"reference":"wp-includes\/js\/dist\/block-library.js"}}